{"id":1,"date":"2021-01-20T09:13:26","date_gmt":"2021-01-20T09:13:26","guid":{"rendered":"https:\/\/kuk.def.content-data.de\/?p=1"},"modified":"2021-03-11T14:55:41","modified_gmt":"2021-03-11T14:55:41","slug":"hello-world","status":"publish","type":"post","link":"https:\/\/kemmann-koch.de\/en\/hello-world\/","title":{"rendered":"Functional fittings for upholstered furniture with frame-width-independent footrests"},"content":{"rendered":"<ul>\r\n<li>Beweglichkeit ist bei modernen Polsterm\u00f6beln heutzutage extrem gefragt.<\/li>\r\n<li>R\u00fcckenteile, Kopf- und Nackenst\u00fctzen, Armlehnen und Fu\u00dfauflagen \u2013 es gibt kaum ein Element, das sich mit Hilfe von flexiblen Funktionsbeschl\u00e4gen nicht verstellen l\u00e4sst.<\/li>\r\n<\/ul>\r\n\r\n<p><strong>Komfort steht bei Polsterm\u00f6beln im Vordergrund<\/strong><\/p>\r\n<p>Neben Optik und Design stehen bei Polsterm\u00f6beln vor allem Qualit\u00e4t, Komfort und Bequemlichkeit im Vordergrund. Wir verbringen vergleichsweise viel Zeit auf Couch, Sofa und Sessel. Polsterm\u00f6bel werden deshalb stark beansprucht. Sie sollen gleichzeitig aber m\u00f6glichst lange verschlie\u00dffrei bleiben. Au\u00dferdem wird erwartet, dass sie in allen Positionen f\u00fcr den Nutzer komfortabel und bequem sind.<\/p>\r\n<p><strong>Hochwertige Funktionsbeschl\u00e4ge f\u00fcr langlebige M\u00f6bel<\/strong><\/p>\r\n<p>Entsprechend dieser Kriterien legen K\u00e4ufer von Polsterm\u00f6beln bei ihrer Kaufentscheidung eine sehr hohe Messlatte an. Der Einbau hochwertiger Funktionsbeschl\u00e4ge ist ein wesentlicher Bestandteil bei der Erf\u00fcllung dieser Kundenanforderungen.<\/p>\r\n<p>Intelligente Mechanismen sorgen f\u00fcr entspanntes Liegen und Sitzen in flexibel einstellbaren Positionen. Eine saubere Verarbeitung der daf\u00fcr n\u00f6tigen Beschl\u00e4ge garantiert Langlebigkeit.<\/p>\r\n<p><strong>Fu\u00dfauflagen: Legen Sie die Beine hoch<\/strong><\/p>\r\n<p>Mit Funktionsbeschl\u00e4gen der Serie \u201eVario\u201c der Kemmann &amp; Koch GmbH &amp; Co. KG aus Velbert k\u00f6nnen Sie im wahrsten Sinne des Wortes die F\u00fc\u00dfe hochlegen. Dieser Beschlag sorgt daf\u00fcr, dass bei einer Polstergarnitur ein R\u00fcckenkissen umgeschwenkt und als Fu\u00dfst\u00fctze genutzt werden kann. Die Sitztiefe wird dabei vergr\u00f6\u00dfert. Der Beschlag ist unabh\u00e4ngig von der Gestellbreite einsetzbar und kann paarweise eingebaut werden. Der Vario-Funktionsbeschlag f\u00fcr entspanntes Sitzen l\u00e4sst sich problemlos in verschiedene Polsterm\u00f6bel integrieren und verleiht ihnen so eine hohe Flexibilit\u00e4t.<\/p>\r\n<p><strong>Kontaktieren Sie uns f\u00fcr weitere Informationen zu unserem Vario-Funktionsbeschlag f\u00fcr gestellbreitenunabh\u00e4ngige Fu\u00dfauflagen oder zu unseren anderen Produkten. Wir beraten Sie gerne und kostenfrei.<\/strong><\/p>","protected":false},"excerpt":{"rendered":"<p>Beweglichkeit ist bei modernen Polsterm\u00f6beln heutzutage extrem gefragt. R\u00fcckenteile, Kopf- und Nackenst\u00fctzen, Armlehnen und Fu\u00dfauflagen \u2013 es gibt kaum ein Element, das sich mit Hilfe von flexiblen Funktionsbeschl\u00e4gen nicht verstellen l\u00e4sst. Komfort steht bei Polsterm\u00f6beln im Vordergrund Neben Optik und Design stehen bei Polsterm\u00f6beln vor allem Qualit\u00e4t, Komfort und Bequemlichkeit im Vordergrund. Wir verbringen vergleichsweise [&hellip;]<\/p>","protected":false},"author":1,"featured_media":1174,"comment_status":"open","ping_status":"open","sticky":false,"template":"","format":"standard","meta":{"_et_pb_use_builder":"","_et_pb_old_content":"","_et_gb_content_width":""},"categories":[5,2],"tags":[],"yoast_head":"<!-- This site is optimized with the Yoast SEO plugin v16.1.1 - https:\/\/yoast.com\/wordpress\/plugins\/seo\/ -->\n<title>Funktionsbeschl\u00e4ge f\u00fcr Polsterm\u00f6bel mit Fu\u00dfst\u00fctzen<\/title>\n<meta name=\"description\" content=\"Neben Optik, Individualit\u00e4t und Design stehen bei Polsterm\u00f6beln vor allem Qualit\u00e4t, Komfort und Bequemlichkeit im Vordergrund.\" \/>\n<link rel=\"canonical\" href=\"https:\/\/kemmann-koch.de\/en\/hello-world\/\" \/>\n<meta property=\"og:locale\" content=\"en_GB\" \/>\n<meta property=\"og:type\" content=\"article\" \/>\n<meta property=\"og:title\" content=\"Funktionsbeschl\u00e4ge f\u00fcr Polsterm\u00f6bel mit Fu\u00dfst\u00fctzen\" \/>\n<meta property=\"og:description\" content=\"Neben Optik, Individualit\u00e4t und Design stehen bei Polsterm\u00f6beln vor allem Qualit\u00e4t, Komfort und Bequemlichkeit im Vordergrund.\" \/>\n<meta property=\"og:url\" content=\"https:\/\/kemmann-koch.de\/en\/hello-world\/\" \/>\n<meta property=\"og:site_name\" content=\"Kemmann &amp; Koch GmbH &amp; Co. Kg\" \/>\n<meta property=\"article:published_time\" content=\"2021-01-20T09:13:26+00:00\" \/>\n<meta property=\"article:modified_time\" content=\"2021-03-11T14:55:41+00:00\" \/>\n<meta property=\"og:image\" content=\"https:\/\/kemmann-koch.de\/wp-content\/uploads\/2021\/03\/Comfy332_Funktion1_1920x1080.jpg\" \/>\n\t<meta property=\"og:image:width\" content=\"1920\" \/>\n\t<meta property=\"og:image:height\" content=\"1218\" \/>\n<meta name=\"twitter:card\" content=\"summary_large_image\" \/>\n<meta name=\"twitter:label1\" content=\"Estimated reading time\">\n\t<meta name=\"twitter:data1\" content=\"2 minutes\">\n<script type=\"application\/ld+json\" class=\"yoast-schema-graph\">{\"@context\":\"https:\/\/schema.org\",\"@graph\":[{\"@type\":\"Organization\",\"@id\":\"https:\/\/kemmann-koch.de\/#organization\",\"name\":\"Kemmann & Koch GmbH & Co. KG\",\"url\":\"https:\/\/kemmann-koch.de\/\",\"sameAs\":[],\"logo\":{\"@type\":\"ImageObject\",\"@id\":\"https:\/\/kemmann-koch.de\/#logo\",\"inLanguage\":\"en-GB\",\"url\":\"https:\/\/kemmann-koch.de\/wp-content\/uploads\/2021\/02\/logo_1.svg\",\"contentUrl\":\"https:\/\/kemmann-koch.de\/wp-content\/uploads\/2021\/02\/logo_1.svg\",\"width\":290,\"height\":75,\"caption\":\"Kemmann & Koch GmbH & Co. KG\"},\"image\":{\"@id\":\"https:\/\/kemmann-koch.de\/#logo\"}},{\"@type\":\"WebSite\",\"@id\":\"https:\/\/kemmann-koch.de\/#website\",\"url\":\"https:\/\/kemmann-koch.de\/\",\"name\":\"Kemmann & Koch - M\\u00f6belbeschl\\u00e4ge und Metallwaren\",\"description\":\"M\\u00f6belbeschl\\u00e4ge und Metallwaren\",\"publisher\":{\"@id\":\"https:\/\/kemmann-koch.de\/#organization\"},\"potentialAction\":[{\"@type\":\"SearchAction\",\"target\":\"https:\/\/kemmann-koch.de\/?s={search_term_string}\",\"query-input\":\"required name=search_term_string\"}],\"inLanguage\":\"en-GB\"},{\"@type\":\"ImageObject\",\"@id\":\"https:\/\/kemmann-koch.de\/hello-world\/#primaryimage\",\"inLanguage\":\"en-GB\",\"url\":\"https:\/\/kemmann-koch.de\/wp-content\/uploads\/2021\/03\/Comfy332_Funktion1_1920x1080.jpg\",\"contentUrl\":\"https:\/\/kemmann-koch.de\/wp-content\/uploads\/2021\/03\/Comfy332_Funktion1_1920x1080.jpg\",\"width\":1920,\"height\":1218},{\"@type\":\"WebPage\",\"@id\":\"https:\/\/kemmann-koch.de\/hello-world\/#webpage\",\"url\":\"https:\/\/kemmann-koch.de\/hello-world\/\",\"name\":\"Funktionsbeschl\\u00e4ge f\\u00fcr Polsterm\\u00f6bel mit Fu\\u00dfst\\u00fctzen\",\"isPartOf\":{\"@id\":\"https:\/\/kemmann-koch.de\/#website\"},\"primaryImageOfPage\":{\"@id\":\"https:\/\/kemmann-koch.de\/hello-world\/#primaryimage\"},\"datePublished\":\"2021-01-20T09:13:26+00:00\",\"dateModified\":\"2021-03-11T14:55:41+00:00\",\"description\":\"Neben Optik, Individualit\\u00e4t und Design stehen bei Polsterm\\u00f6beln vor allem Qualit\\u00e4t, Komfort und Bequemlichkeit im Vordergrund.\",\"breadcrumb\":{\"@id\":\"https:\/\/kemmann-koch.de\/hello-world\/#breadcrumb\"},\"inLanguage\":\"en-GB\",\"potentialAction\":[{\"@type\":\"ReadAction\",\"target\":[\"https:\/\/kemmann-koch.de\/hello-world\/\"]}]},{\"@type\":\"BreadcrumbList\",\"@id\":\"https:\/\/kemmann-koch.de\/hello-world\/#breadcrumb\",\"itemListElement\":[{\"@type\":\"ListItem\",\"position\":1,\"item\":{\"@type\":\"WebPage\",\"@id\":\"https:\/\/kemmann-koch.de\/\",\"url\":\"https:\/\/kemmann-koch.de\/\",\"name\":\"Home\"}},{\"@type\":\"ListItem\",\"position\":2,\"item\":{\"@type\":\"WebPage\",\"@id\":\"https:\/\/kemmann-koch.de\/hello-world\/\",\"url\":\"https:\/\/kemmann-koch.de\/hello-world\/\",\"name\":\"Funktionsbeschl\\u00e4ge f\\u00fcr Polsterm\\u00f6bel mit gestellbreitenunabh\\u00e4ngigen Fu\\u00dfst\\u00fctzen\"}}]},{\"@type\":\"Article\",\"@id\":\"https:\/\/kemmann-koch.de\/hello-world\/#article\",\"isPartOf\":{\"@id\":\"https:\/\/kemmann-koch.de\/hello-world\/#webpage\"},\"author\":{\"@id\":\"https:\/\/kemmann-koch.de\/#\/schema\/person\/508dd63f81a37c361c4ce4a49028dd31\"},\"headline\":\"Funktionsbeschl\\u00e4ge f\\u00fcr Polsterm\\u00f6bel mit gestellbreitenunabh\\u00e4ngigen Fu\\u00dfst\\u00fctzen\",\"datePublished\":\"2021-01-20T09:13:26+00:00\",\"dateModified\":\"2021-03-11T14:55:41+00:00\",\"mainEntityOfPage\":{\"@id\":\"https:\/\/kemmann-koch.de\/hello-world\/#webpage\"},\"commentCount\":0,\"publisher\":{\"@id\":\"https:\/\/kemmann-koch.de\/#organization\"},\"image\":{\"@id\":\"https:\/\/kemmann-koch.de\/hello-world\/#primaryimage\"},\"articleSection\":\"Neuheiten,Produkte\",\"inLanguage\":\"en-GB\",\"potentialAction\":[{\"@type\":\"CommentAction\",\"name\":\"Comment\",\"target\":[\"https:\/\/kemmann-koch.de\/hello-world\/#respond\"]}]},{\"@type\":\"Person\",\"@id\":\"https:\/\/kemmann-koch.de\/#\/schema\/person\/508dd63f81a37c361c4ce4a49028dd31\",\"name\":\"admin\",\"image\":{\"@type\":\"ImageObject\",\"@id\":\"https:\/\/kemmann-koch.de\/#personlogo\",\"inLanguage\":\"en-GB\",\"url\":\"https:\/\/secure.gravatar.com\/avatar\/f0f897f66b483d52d650ebb96c9db721?s=96&d=mm&r=g\",\"contentUrl\":\"https:\/\/secure.gravatar.com\/avatar\/f0f897f66b483d52d650ebb96c9db721?s=96&d=mm&r=g\",\"caption\":\"admin\"},\"sameAs\":[\"https:\/\/kemmann-koch.de\"]}]}<\/script>\n<!-- \/ Yoast SEO plugin. -->","_links":{"self":[{"href":"https:\/\/kemmann-koch.de\/en\/wp-json\/wp\/v2\/posts\/1"}],"collection":[{"href":"https:\/\/kemmann-koch.de\/en\/wp-json\/wp\/v2\/posts"}],"about":[{"href":"https:\/\/kemmann-koch.de\/en\/wp-json\/wp\/v2\/types\/post"}],"author":[{"embeddable":true,"href":"https:\/\/kemmann-koch.de\/en\/wp-json\/wp\/v2\/users\/1"}],"replies":[{"embeddable":true,"href":"https:\/\/kemmann-koch.de\/en\/wp-json\/wp\/v2\/comments?post=1"}],"version-history":[{"count":6,"href":"https:\/\/kemmann-koch.de\/en\/wp-json\/wp\/v2\/posts\/1\/revisions"}],"predecessor-version":[{"id":1484,"href":"https:\/\/kemmann-koch.de\/en\/wp-json\/wp\/v2\/posts\/1\/revisions\/1484"}],"wp:featuredmedia":[{"embeddable":true,"href":"https:\/\/kemmann-koch.de\/en\/wp-json\/wp\/v2\/media\/1174"}],"wp:attachment":[{"href":"https:\/\/kemmann-koch.de\/en\/wp-json\/wp\/v2\/media?parent=1"}],"wp:term":[{"taxonomy":"category","embeddable":true,"href":"https:\/\/kemmann-koch.de\/en\/wp-json\/wp\/v2\/categories?post=1"},{"taxonomy":"post_tag","embeddable":true,"href":"https:\/\/kemmann-koch.de\/en\/wp-json\/wp\/v2\/tags?post=1"}],"curies":[{"name":"wp","href":"https:\/\/api.w.org\/{rel}","templated":true}]}}