{"id":352,"date":"2021-01-25T09:10:08","date_gmt":"2021-01-25T09:10:08","guid":{"rendered":"https:\/\/kuk.def.content-data.de\/?p=352"},"modified":"2021-03-11T14:36:37","modified_gmt":"2021-03-11T14:36:37","slug":"produzent-ergonomischer-kopfteilverstellungen-fuer-polstermoebel-und-betten","status":"publish","type":"post","link":"https:\/\/kemmann-koch.de\/en\/produzent-ergonomischer-kopfteilverstellungen-fuer-polstermoebel-und-betten\/","title":{"rendered":"Manufacturer of ergonomic headrest adjustments for upholstered furniture and beds"},"content":{"rendered":"<p>Like back pain, neck pain has become a widespread disease. Before you undergo lengthy treatment for the consequences, it makes sense to get to the bottom of the causes of the complaints.<\/p>\n<p>The ergonomic neck support and headboard adjustments from Kemmann & Koch GmbH in Velbert with patented functional fittings can already be the solution to tension pain.<\/p>\n<h3>Tension pain due to incorrect neck position<\/h3>\n<p>If the muscles in the neck are tense and hardened, the pain can spread down the neck and into the head. In most cases, this tension pain is caused by poor posture. Tense work at the monitor is one of the most common causes.<br \/>\nBut even at home, an incorrectly adjusted, non-ergonomic or even non-existent neck support on upholstered furniture can be the reason for complaints in the neck and back area.<\/p>\n<h3>Height-adjustable and forward-folding headrest<\/h3>\n<p>Just as with the office chair, an ergonomic neck support is therefore also important for the couch, sofa and bed and contributes to well-being. So if you want to do something good for your neck and back, the first step is to opt for a height-adjustable and forward-folding headrest, for example.<\/p>\n<h3>Full support of the neck area due to patented functional fitting<\/h3>\n<p>However, a significant improvement on these conventional headrest adjustments is achieved with the patented Stepless Joint 30\u00b0 from Kemmann & Koch. It ensures that the neck rests fully on the headrest of the upholstered furniture and is not pressed or twisted into an unnatural and stressful position.<\/p>\n<p>Paarweise in das Kopfteil eingebaut, erm\u00f6glicht das Stepless Gelenk eine stufenlose Verstellung bis zu einem Winkel von 30\u00b0. Es blockiert ger\u00e4uschlos in jeder gew\u00fcnscht Position, ohne dabei einzurasten. Ohne \u00dcberziehen l\u00e4sst sich der Beschlag aus jeder Position heraus wieder in die Ausgangsposition zur\u00fcckstellen.<\/p>\n<p>The Stepless joint from Kemmann & Koch is suitable for sofas and can also be used for adjusting the headboard of beds.<\/p>\n<p><strong>Comfortable, ergonomic and practical - you want to know more about our innovative products? Then get in touch with us.<\/strong><\/p>","protected":false},"excerpt":{"rendered":"<p>Nackenschmerzen sind \u00e4hnlich wie R\u00fcckenschmerzen mittlerweile zur Volkskrankheit geworden. Bevor man langwierig die Folgen behandeln l\u00e4sst, ist es sinnvoll, den Ursachen der Beschwerden auf den Grund gehen. Die ergonomische Nackenst\u00fctze und Kopfteilverstellungen der Kemmann &amp; Koch GmbH aus Velbert mit patentiertem Funktionsbeschlag kann bereits die L\u00f6sung gegen Verspannungsschmerzen sein. Verspannungsschmerzen durch falsche Nackenposition Sind die [&hellip;]<\/p>","protected":false},"author":1,"featured_media":792,"comment_status":"closed","ping_status":"open","sticky":false,"template":"","format":"standard","meta":{"_et_pb_use_builder":"","_et_pb_old_content":"","_et_gb_content_width":""},"categories":[2],"tags":[],"yoast_head":"<!-- This site is optimized with the Yoast SEO plugin v16.1.1 - https:\/\/yoast.com\/wordpress\/plugins\/seo\/ -->\n<title>Produzent ergonomischer Kopfteilverstellungen Polsterm\u00f6bel<\/title>\n<meta name=\"description\" content=\"Die ergonomische Kopfteilverstellungen von Kemmann &amp; Koch GmbH aus Velbert mit patentiertem Funktionsbeschlag kann bereits die L\u00f6sung sein.\" \/>\n<link rel=\"canonical\" href=\"https:\/\/kemmann-koch.de\/en\/produzent-ergonomischer-kopfteilverstellungen-fuer-polstermoebel-und-betten\/\" \/>\n<meta property=\"og:locale\" content=\"en_GB\" \/>\n<meta property=\"og:type\" content=\"article\" \/>\n<meta property=\"og:title\" content=\"Produzent ergonomischer Kopfteilverstellungen Polsterm\u00f6bel\" \/>\n<meta property=\"og:description\" content=\"Die ergonomische Kopfteilverstellungen von Kemmann &amp; Koch GmbH aus Velbert mit patentiertem Funktionsbeschlag kann bereits die L\u00f6sung sein.\" \/>\n<meta property=\"og:url\" content=\"https:\/\/kemmann-koch.de\/en\/produzent-ergonomischer-kopfteilverstellungen-fuer-polstermoebel-und-betten\/\" \/>\n<meta property=\"og:site_name\" content=\"Kemmann &amp; Koch GmbH &amp; Co. Kg\" \/>\n<meta property=\"article:published_time\" content=\"2021-01-25T09:10:08+00:00\" \/>\n<meta property=\"article:modified_time\" content=\"2021-03-11T14:36:37+00:00\" \/>\n<meta property=\"og:image\" content=\"https:\/\/kemmann-koch.de\/wp-content\/uploads\/2021\/02\/leolux_horatio_web_800.jpg\" \/>\n\t<meta property=\"og:image:width\" content=\"800\" \/>\n\t<meta property=\"og:image:height\" content=\"800\" \/>\n<meta name=\"twitter:card\" content=\"summary_large_image\" \/>\n<meta name=\"twitter:label1\" content=\"Estimated reading time\">\n\t<meta name=\"twitter:data1\" content=\"2 minutes\">\n<script type=\"application\/ld+json\" class=\"yoast-schema-graph\">{\"@context\":\"https:\/\/schema.org\",\"@graph\":[{\"@type\":\"Organization\",\"@id\":\"https:\/\/kemmann-koch.de\/#organization\",\"name\":\"Kemmann & Koch GmbH & Co. KG\",\"url\":\"https:\/\/kemmann-koch.de\/\",\"sameAs\":[],\"logo\":{\"@type\":\"ImageObject\",\"@id\":\"https:\/\/kemmann-koch.de\/#logo\",\"inLanguage\":\"en-GB\",\"url\":\"https:\/\/kemmann-koch.de\/wp-content\/uploads\/2021\/02\/logo_1.svg\",\"contentUrl\":\"https:\/\/kemmann-koch.de\/wp-content\/uploads\/2021\/02\/logo_1.svg\",\"width\":290,\"height\":75,\"caption\":\"Kemmann & Koch GmbH & Co. KG\"},\"image\":{\"@id\":\"https:\/\/kemmann-koch.de\/#logo\"}},{\"@type\":\"WebSite\",\"@id\":\"https:\/\/kemmann-koch.de\/#website\",\"url\":\"https:\/\/kemmann-koch.de\/\",\"name\":\"Kemmann & Koch - M\\u00f6belbeschl\\u00e4ge und Metallwaren\",\"description\":\"M\\u00f6belbeschl\\u00e4ge und Metallwaren\",\"publisher\":{\"@id\":\"https:\/\/kemmann-koch.de\/#organization\"},\"potentialAction\":[{\"@type\":\"SearchAction\",\"target\":\"https:\/\/kemmann-koch.de\/?s={search_term_string}\",\"query-input\":\"required name=search_term_string\"}],\"inLanguage\":\"en-GB\"},{\"@type\":\"ImageObject\",\"@id\":\"https:\/\/kemmann-koch.de\/produzent-ergonomischer-kopfteilverstellungen-fuer-polstermoebel-und-betten\/#primaryimage\",\"inLanguage\":\"en-GB\",\"url\":\"https:\/\/kemmann-koch.de\/wp-content\/uploads\/2021\/02\/leolux_horatio_web_800.jpg\",\"contentUrl\":\"https:\/\/kemmann-koch.de\/wp-content\/uploads\/2021\/02\/leolux_horatio_web_800.jpg\",\"width\":800,\"height\":800},{\"@type\":\"WebPage\",\"@id\":\"https:\/\/kemmann-koch.de\/produzent-ergonomischer-kopfteilverstellungen-fuer-polstermoebel-und-betten\/#webpage\",\"url\":\"https:\/\/kemmann-koch.de\/produzent-ergonomischer-kopfteilverstellungen-fuer-polstermoebel-und-betten\/\",\"name\":\"Produzent ergonomischer Kopfteilverstellungen Polsterm\\u00f6bel\",\"isPartOf\":{\"@id\":\"https:\/\/kemmann-koch.de\/#website\"},\"primaryImageOfPage\":{\"@id\":\"https:\/\/kemmann-koch.de\/produzent-ergonomischer-kopfteilverstellungen-fuer-polstermoebel-und-betten\/#primaryimage\"},\"datePublished\":\"2021-01-25T09:10:08+00:00\",\"dateModified\":\"2021-03-11T14:36:37+00:00\",\"description\":\"Die ergonomische Kopfteilverstellungen von Kemmann & Koch GmbH aus Velbert mit patentiertem Funktionsbeschlag kann bereits die L\\u00f6sung sein.\",\"breadcrumb\":{\"@id\":\"https:\/\/kemmann-koch.de\/produzent-ergonomischer-kopfteilverstellungen-fuer-polstermoebel-und-betten\/#breadcrumb\"},\"inLanguage\":\"en-GB\",\"potentialAction\":[{\"@type\":\"ReadAction\",\"target\":[\"https:\/\/kemmann-koch.de\/produzent-ergonomischer-kopfteilverstellungen-fuer-polstermoebel-und-betten\/\"]}]},{\"@type\":\"BreadcrumbList\",\"@id\":\"https:\/\/kemmann-koch.de\/produzent-ergonomischer-kopfteilverstellungen-fuer-polstermoebel-und-betten\/#breadcrumb\",\"itemListElement\":[{\"@type\":\"ListItem\",\"position\":1,\"item\":{\"@type\":\"WebPage\",\"@id\":\"https:\/\/kemmann-koch.de\/\",\"url\":\"https:\/\/kemmann-koch.de\/\",\"name\":\"Home\"}},{\"@type\":\"ListItem\",\"position\":2,\"item\":{\"@type\":\"WebPage\",\"@id\":\"https:\/\/kemmann-koch.de\/produzent-ergonomischer-kopfteilverstellungen-fuer-polstermoebel-und-betten\/\",\"url\":\"https:\/\/kemmann-koch.de\/produzent-ergonomischer-kopfteilverstellungen-fuer-polstermoebel-und-betten\/\",\"name\":\"Produzent ergonomischer Kopfteilverstellungen f\\u00fcr Polsterm\\u00f6bel und Betten\"}}]},{\"@type\":\"Article\",\"@id\":\"https:\/\/kemmann-koch.de\/produzent-ergonomischer-kopfteilverstellungen-fuer-polstermoebel-und-betten\/#article\",\"isPartOf\":{\"@id\":\"https:\/\/kemmann-koch.de\/produzent-ergonomischer-kopfteilverstellungen-fuer-polstermoebel-und-betten\/#webpage\"},\"author\":{\"@id\":\"https:\/\/kemmann-koch.de\/#\/schema\/person\/508dd63f81a37c361c4ce4a49028dd31\"},\"headline\":\"Produzent ergonomischer Kopfteilverstellungen f\\u00fcr Polsterm\\u00f6bel und Betten\",\"datePublished\":\"2021-01-25T09:10:08+00:00\",\"dateModified\":\"2021-03-11T14:36:37+00:00\",\"mainEntityOfPage\":{\"@id\":\"https:\/\/kemmann-koch.de\/produzent-ergonomischer-kopfteilverstellungen-fuer-polstermoebel-und-betten\/#webpage\"},\"publisher\":{\"@id\":\"https:\/\/kemmann-koch.de\/#organization\"},\"image\":{\"@id\":\"https:\/\/kemmann-koch.de\/produzent-ergonomischer-kopfteilverstellungen-fuer-polstermoebel-und-betten\/#primaryimage\"},\"articleSection\":\"Produkte\",\"inLanguage\":\"en-GB\"},{\"@type\":\"Person\",\"@id\":\"https:\/\/kemmann-koch.de\/#\/schema\/person\/508dd63f81a37c361c4ce4a49028dd31\",\"name\":\"admin\",\"image\":{\"@type\":\"ImageObject\",\"@id\":\"https:\/\/kemmann-koch.de\/#personlogo\",\"inLanguage\":\"en-GB\",\"url\":\"https:\/\/secure.gravatar.com\/avatar\/f0f897f66b483d52d650ebb96c9db721?s=96&d=mm&r=g\",\"contentUrl\":\"https:\/\/secure.gravatar.com\/avatar\/f0f897f66b483d52d650ebb96c9db721?s=96&d=mm&r=g\",\"caption\":\"admin\"},\"sameAs\":[\"https:\/\/kemmann-koch.de\"]}]}<\/script>\n<!-- \/ Yoast SEO plugin. -->","_links":{"self":[{"href":"https:\/\/kemmann-koch.de\/en\/wp-json\/wp\/v2\/posts\/352"}],"collection":[{"href":"https:\/\/kemmann-koch.de\/en\/wp-json\/wp\/v2\/posts"}],"about":[{"href":"https:\/\/kemmann-koch.de\/en\/wp-json\/wp\/v2\/types\/post"}],"author":[{"embeddable":true,"href":"https:\/\/kemmann-koch.de\/en\/wp-json\/wp\/v2\/users\/1"}],"replies":[{"embeddable":true,"href":"https:\/\/kemmann-koch.de\/en\/wp-json\/wp\/v2\/comments?post=352"}],"version-history":[{"count":1,"href":"https:\/\/kemmann-koch.de\/en\/wp-json\/wp\/v2\/posts\/352\/revisions"}],"predecessor-version":[{"id":353,"href":"https:\/\/kemmann-koch.de\/en\/wp-json\/wp\/v2\/posts\/352\/revisions\/353"}],"wp:featuredmedia":[{"embeddable":true,"href":"https:\/\/kemmann-koch.de\/en\/wp-json\/wp\/v2\/media\/792"}],"wp:attachment":[{"href":"https:\/\/kemmann-koch.de\/en\/wp-json\/wp\/v2\/media?parent=352"}],"wp:term":[{"taxonomy":"category","embeddable":true,"href":"https:\/\/kemmann-koch.de\/en\/wp-json\/wp\/v2\/categories?post=352"},{"taxonomy":"post_tag","embeddable":true,"href":"https:\/\/kemmann-koch.de\/en\/wp-json\/wp\/v2\/tags?post=352"}],"curies":[{"name":"wp","href":"https:\/\/api.w.org\/{rel}","templated":true}]}}